
			
				

					
				

			
		{"items":"\n\t\t\t\t\t\t\t\t\t\t\t\n<article id=\"post-19413\" class=\"wd-post blog-design-masonry blog-post-loop blog-style-flat wd-col post-19413 post type-post status-publish format-standard has-post-thumbnail hentry category-actualidad category-contabilidad-2 category-fiscal tag-verifactu-2\">\n\t<div class=\"wd-post-inner article-inner\">\n\t\t\t\t\t<div class=\"wd-post-thumb entry-header\">\n\t\t\t\t\t\t\t\t\t<div class=\"wd-post-img post-img-wrapp\">\n\t\t\t\t\t\t<img width=\"900\" height=\"338\" src=\"https:\/\/actiumconsulting.es\/wp-content\/uploads\/blog-actium-consulting-1.jpg\" class=\"attachment- size-\" alt=\"asesor\u00eda-fiscal\" decoding=\"async\" fetchpriority=\"high\" srcset=\"https:\/\/actiumconsulting.es\/wp-content\/uploads\/blog-actium-consulting-1.jpg 900w, https:\/\/actiumconsulting.es\/wp-content\/uploads\/blog-actium-consulting-1-300x113.jpg 300w, https:\/\/actiumconsulting.es\/wp-content\/uploads\/blog-actium-consulting-1-768x288.jpg 768w\" sizes=\"(max-width: 900px) 100vw, 900px\" \/>\t\t\t\t\t<\/div>\n\t\t\t\t\t\t\t\t\t\t<a class=\"wd-fill\" tabindex=\"-1\" href=\"https:\/\/actiumconsulting.es\/verifactu-2027-congreso\/\" aria-label=\"Link on post El Congreso aprueba el Real Decreto-ley 15\/2025 y pospone Veri*Factu hasta 2027\"><\/a>\n\t\t\t\t\n\t\t\t\t\t\t\t\t\t\t\t\t<link rel=\"stylesheet\" id=\"wd-post-types-mod-date-style-bg-css\" href=\"https:\/\/actiumconsulting.es\/wp-content\/themes\/woodmart\/css\/parts\/post-types-mod-date-style-bg.min.css?ver=8.3.9\" type=\"text\/css\" media=\"all\" \/> \t\t\t\t\t\t<div class=\"wd-post-date wd-style-with-bg\">\n\t\t\t\t<span class=\"post-date-day\">\n\t\t\t\t\t19\t\t\t\t<\/span>\n\t\t\t\t<span class=\"post-date-month\">\n\t\t\t\t\tDic\t\t\t\t<\/span>\n\t\t\t<\/div>\n\t\t\t\t\t\t\t\t\t<\/div>\n\t\t\n\t\t<div class=\"wd-post-content article-body-container\">\n\t\t\t\n\t\t\t\t\t\t\t<h3 class=\"wd-post-title wd-entities-title title post-title\">\n\t\t\t\t\t<a href=\"https:\/\/actiumconsulting.es\/verifactu-2027-congreso\/\" rel=\"bookmark\">El Congreso aprueba el Real Decreto-ley 15\/2025 y pospone Veri*Factu hasta 2027<\/a>\n\t\t\t\t<\/h3>\n\t\t\t\n\t\t\t\n\t\t\t\t\t\t\t\t\t\t\t\t<div class=\"wd-post-excerpt entry-content\">\n\t\t\t\t\t\tEl Congreso de los Diputados ha convalidado recientemente el Real Decreto-ley 15\/2025, que aplaza la entrada e...\t\t\t\t\t<\/div>\n\t\t\t\t\n\t\t\t\t\t\t\t\t\t<\/div>\n\t<\/div>\n<\/article>\n\n\t\t\t\t\t\t\t\t\t\t\t\n<article id=\"post-19407\" class=\"wd-post blog-design-masonry blog-post-loop blog-style-flat wd-col post-19407 post type-post status-publish format-standard has-post-thumbnail hentry category-actualidad category-mercantil-civil-y-administrativo tag-ley-9-2025\">\n\t<div class=\"wd-post-inner article-inner\">\n\t\t\t\t\t<div class=\"wd-post-thumb entry-header\">\n\t\t\t\t\t\t\t\t\t<div class=\"wd-post-img post-img-wrapp\">\n\t\t\t\t\t\t<img width=\"900\" height=\"338\" src=\"https:\/\/actiumconsulting.es\/wp-content\/themes\/woodmart\/images\/lazy.svg\" class=\"attachment- size- wd-lazy-fade\" alt=\"asesor\u00eda-fiscal\" decoding=\"async\" srcset=\"\" sizes=\"(max-width: 900px) 100vw, 900px\" data-src=\"https:\/\/actiumconsulting.es\/wp-content\/uploads\/blog-actium-consulting-1.jpg\" data-srcset=\"https:\/\/actiumconsulting.es\/wp-content\/uploads\/blog-actium-consulting-1.jpg 900w, https:\/\/actiumconsulting.es\/wp-content\/uploads\/blog-actium-consulting-1-300x113.jpg 300w, https:\/\/actiumconsulting.es\/wp-content\/uploads\/blog-actium-consulting-1-768x288.jpg 768w\" \/>\t\t\t\t\t<\/div>\n\t\t\t\t\t\t\t\t\t\t<a class=\"wd-fill\" tabindex=\"-1\" href=\"https:\/\/actiumconsulting.es\/ley-9-2025-movilidad-sostenible\/\" aria-label=\"Link on post Ley 9\/2025 de Movilidad Sostenible: Qu\u00e9 cambia para la ciudadan\u00eda y qu\u00e9 para las empresas\"><\/a>\n\t\t\t\t\n\t\t\t\t\t\t\t\t\t\t\t\t<div class=\"wd-post-date wd-style-with-bg\">\n\t\t\t\t<span class=\"post-date-day\">\n\t\t\t\t\t11\t\t\t\t<\/span>\n\t\t\t\t<span class=\"post-date-month\">\n\t\t\t\t\tDic\t\t\t\t<\/span>\n\t\t\t<\/div>\n\t\t\t\t\t\t\t\t\t<\/div>\n\t\t\n\t\t<div class=\"wd-post-content article-body-container\">\n\t\t\t\n\t\t\t\t\t\t\t<h3 class=\"wd-post-title wd-entities-title title post-title\">\n\t\t\t\t\t<a href=\"https:\/\/actiumconsulting.es\/ley-9-2025-movilidad-sostenible\/\" rel=\"bookmark\">Ley 9\/2025 de Movilidad Sostenible: Qu\u00e9 cambia para la ciudadan\u00eda y qu\u00e9 para las empresas<\/a>\n\t\t\t\t<\/h3>\n\t\t\t\n\t\t\t\n\t\t\t\t\t\t\t\t\t\t\t\t<div class=\"wd-post-excerpt entry-content\">\n\t\t\t\t\t\tLa Ley 9\/2025, de 3 de diciembre, de Movilidad Sostenible \u2014publicada en el BOE el 4 de diciembre de 2025 y en ...\t\t\t\t\t<\/div>\n\t\t\t\t\n\t\t\t\t\t\t\t\t\t<\/div>\n\t<\/div>\n<\/article>\n\n\t\t\t\t\t\t\t\t\t\t\t\n<article id=\"post-19401\" class=\"wd-post blog-design-masonry blog-post-loop blog-style-flat wd-col post-19401 post type-post status-publish format-standard has-post-thumbnail hentry category-actualidad category-contabilidad-2 category-fiscal-2 tag-aplazamiento-verifactu\">\n\t<div class=\"wd-post-inner article-inner\">\n\t\t\t\t\t<div class=\"wd-post-thumb entry-header\">\n\t\t\t\t\t\t\t\t\t<div class=\"wd-post-img post-img-wrapp\">\n\t\t\t\t\t\t<img width=\"900\" height=\"338\" src=\"https:\/\/actiumconsulting.es\/wp-content\/themes\/woodmart\/images\/lazy.svg\" class=\"attachment- size- wd-lazy-fade\" alt=\"asesor\u00eda-fiscal\" decoding=\"async\" srcset=\"\" sizes=\"(max-width: 900px) 100vw, 900px\" data-src=\"https:\/\/actiumconsulting.es\/wp-content\/uploads\/blog-actium-consulting-1.jpg\" data-srcset=\"https:\/\/actiumconsulting.es\/wp-content\/uploads\/blog-actium-consulting-1.jpg 900w, https:\/\/actiumconsulting.es\/wp-content\/uploads\/blog-actium-consulting-1-300x113.jpg 300w, https:\/\/actiumconsulting.es\/wp-content\/uploads\/blog-actium-consulting-1-768x288.jpg 768w\" \/>\t\t\t\t\t<\/div>\n\t\t\t\t\t\t\t\t\t\t<a class=\"wd-fill\" tabindex=\"-1\" href=\"https:\/\/actiumconsulting.es\/verifactu-entrada-en-vigor\/\" aria-label=\"Link on post Hacienda aplaza a 2027 la entrada en vigor del Reglamento VERI*FACTU\"><\/a>\n\t\t\t\t\n\t\t\t\t\t\t\t\t\t\t\t\t<div class=\"wd-post-date wd-style-with-bg\">\n\t\t\t\t<span class=\"post-date-day\">\n\t\t\t\t\t02\t\t\t\t<\/span>\n\t\t\t\t<span class=\"post-date-month\">\n\t\t\t\t\tDic\t\t\t\t<\/span>\n\t\t\t<\/div>\n\t\t\t\t\t\t\t\t\t<\/div>\n\t\t\n\t\t<div class=\"wd-post-content article-body-container\">\n\t\t\t\n\t\t\t\t\t\t\t<h3 class=\"wd-post-title wd-entities-title title post-title\">\n\t\t\t\t\t<a href=\"https:\/\/actiumconsulting.es\/verifactu-entrada-en-vigor\/\" rel=\"bookmark\">Hacienda aplaza a 2027 la entrada en vigor del Reglamento VERI*FACTU<\/a>\n\t\t\t\t<\/h3>\n\t\t\t\n\t\t\t\n\t\t\t\t\t\t\t\t\t\t\t\t<div class=\"wd-post-excerpt entry-content\">\n\t\t\t\t\t\tEl Consejo de Ministros, en su reuni\u00f3n de este martes, ha aprobado un Real Decreto-ley que prorroga la entrada...\t\t\t\t\t<\/div>\n\t\t\t\t\n\t\t\t\t\t\t\t\t\t<\/div>\n\t<\/div>\n<\/article>\n\n\t\t\t\t\t\t\t\t\t\t\t\n<article id=\"post-19396\" class=\"wd-post blog-design-masonry blog-post-loop blog-style-flat wd-col post-19396 post type-post status-publish format-standard has-post-thumbnail hentry category-actualidad category-fiscal tag-modulos-irpf-iva\">\n\t<div class=\"wd-post-inner article-inner\">\n\t\t\t\t\t<div class=\"wd-post-thumb entry-header\">\n\t\t\t\t\t\t\t\t\t<div class=\"wd-post-img post-img-wrapp\">\n\t\t\t\t\t\t<img width=\"900\" height=\"338\" src=\"https:\/\/actiumconsulting.es\/wp-content\/themes\/woodmart\/images\/lazy.svg\" class=\"attachment- size- wd-lazy-fade\" alt=\"asesor\u00eda-fiscal\" decoding=\"async\" srcset=\"\" sizes=\"(max-width: 900px) 100vw, 900px\" data-src=\"https:\/\/actiumconsulting.es\/wp-content\/uploads\/blog-actium-consulting-1.jpg\" data-srcset=\"https:\/\/actiumconsulting.es\/wp-content\/uploads\/blog-actium-consulting-1.jpg 900w, https:\/\/actiumconsulting.es\/wp-content\/uploads\/blog-actium-consulting-1-300x113.jpg 300w, https:\/\/actiumconsulting.es\/wp-content\/uploads\/blog-actium-consulting-1-768x288.jpg 768w\" \/>\t\t\t\t\t<\/div>\n\t\t\t\t\t\t\t\t\t\t<a class=\"wd-fill\" tabindex=\"-1\" href=\"https:\/\/actiumconsulting.es\/modulos-irpf-iva-2026\/\" aria-label=\"Link on post M\u00f3dulos IRPF\/IVA 2026: Hacienda mantiene el sistema, pero persisten las dudas sobre los l\u00edmites\"><\/a>\n\t\t\t\t\n\t\t\t\t\t\t\t\t\t\t\t\t<div class=\"wd-post-date wd-style-with-bg\">\n\t\t\t\t<span class=\"post-date-day\">\n\t\t\t\t\t27\t\t\t\t<\/span>\n\t\t\t\t<span class=\"post-date-month\">\n\t\t\t\t\tNov\t\t\t\t<\/span>\n\t\t\t<\/div>\n\t\t\t\t\t\t\t\t\t<\/div>\n\t\t\n\t\t<div class=\"wd-post-content article-body-container\">\n\t\t\t\n\t\t\t\t\t\t\t<h3 class=\"wd-post-title wd-entities-title title post-title\">\n\t\t\t\t\t<a href=\"https:\/\/actiumconsulting.es\/modulos-irpf-iva-2026\/\" rel=\"bookmark\">M\u00f3dulos IRPF\/IVA 2026: Hacienda mantiene el sistema, pero persisten las dudas sobre los l\u00edmites<\/a>\n\t\t\t\t<\/h3>\n\t\t\t\n\t\t\t\n\t\t\t\t\t\t\t\t\t\t\t\t<div class=\"wd-post-excerpt entry-content\">\n\t\t\t\t\t\tLa publicaci\u00f3n del borrador de la Orden de M\u00f3dulos del IRPF y del r\u00e9gimen simplificado del IVA para 2026 ha tr...\t\t\t\t\t<\/div>\n\t\t\t\t\n\t\t\t\t\t\t\t\t\t<\/div>\n\t<\/div>\n<\/article>\n\n\t\t\t\t\t\t\t\t\t\t\t\n<article id=\"post-19387\" class=\"wd-post blog-design-masonry blog-post-loop blog-style-flat wd-col post-19387 post type-post status-publish format-standard has-post-thumbnail hentry category-actualidad category-laboral tag-retrasos-salariales\">\n\t<div class=\"wd-post-inner article-inner\">\n\t\t\t\t\t<div class=\"wd-post-thumb entry-header\">\n\t\t\t\t\t\t\t\t\t<div class=\"wd-post-img post-img-wrapp\">\n\t\t\t\t\t\t<img width=\"900\" height=\"338\" src=\"https:\/\/actiumconsulting.es\/wp-content\/themes\/woodmart\/images\/lazy.svg\" class=\"attachment- size- wd-lazy-fade\" alt=\"asesor\u00eda-fiscal\" decoding=\"async\" srcset=\"\" sizes=\"(max-width: 900px) 100vw, 900px\" data-src=\"https:\/\/actiumconsulting.es\/wp-content\/uploads\/blog-actium-consulting-1.jpg\" data-srcset=\"https:\/\/actiumconsulting.es\/wp-content\/uploads\/blog-actium-consulting-1.jpg 900w, https:\/\/actiumconsulting.es\/wp-content\/uploads\/blog-actium-consulting-1-300x113.jpg 300w, https:\/\/actiumconsulting.es\/wp-content\/uploads\/blog-actium-consulting-1-768x288.jpg 768w\" \/>\t\t\t\t\t<\/div>\n\t\t\t\t\t\t\t\t\t\t<a class=\"wd-fill\" tabindex=\"-1\" href=\"https:\/\/actiumconsulting.es\/retrasos-salariales-empresas-trabajadores\/\" aria-label=\"Link on post Retrasos salariales: riesgos y consecuencias para empresas y trabajadores\"><\/a>\n\t\t\t\t\n\t\t\t\t\t\t\t\t\t\t\t\t<div class=\"wd-post-date wd-style-with-bg\">\n\t\t\t\t<span class=\"post-date-day\">\n\t\t\t\t\t19\t\t\t\t<\/span>\n\t\t\t\t<span class=\"post-date-month\">\n\t\t\t\t\tNov\t\t\t\t<\/span>\n\t\t\t<\/div>\n\t\t\t\t\t\t\t\t\t<\/div>\n\t\t\n\t\t<div class=\"wd-post-content article-body-container\">\n\t\t\t\n\t\t\t\t\t\t\t<h3 class=\"wd-post-title wd-entities-title title post-title\">\n\t\t\t\t\t<a href=\"https:\/\/actiumconsulting.es\/retrasos-salariales-empresas-trabajadores\/\" rel=\"bookmark\">Retrasos salariales: riesgos y consecuencias para empresas y trabajadores<\/a>\n\t\t\t\t<\/h3>\n\t\t\t\n\t\t\t\n\t\t\t\t\t\t\t\t\t\t\t\t<div class=\"wd-post-excerpt entry-content\">\n\t\t\t\t\t\tEl pago puntual de los salarios no es un mero tr\u00e1mite administrativo: es un pilar de la relaci\u00f3n laboral y una...\t\t\t\t\t<\/div>\n\t\t\t\t\n\t\t\t\t\t\t\t\t\t<\/div>\n\t<\/div>\n<\/article>\n\n\t\t\t\t\t\t\t\t\t\t\t\n<article id=\"post-19373\" class=\"wd-post blog-design-masonry blog-post-loop blog-style-flat wd-col post-19373 post type-post status-publish format-standard has-post-thumbnail hentry category-actualidad category-fiscal tag-operaciones-vinculadas\">\n\t<div class=\"wd-post-inner article-inner\">\n\t\t\t\t\t<div class=\"wd-post-thumb entry-header\">\n\t\t\t\t\t\t\t\t\t<div class=\"wd-post-img post-img-wrapp\">\n\t\t\t\t\t\t<img width=\"900\" height=\"338\" src=\"https:\/\/actiumconsulting.es\/wp-content\/themes\/woodmart\/images\/lazy.svg\" class=\"attachment- size- wd-lazy-fade\" alt=\"asesor\u00eda-fiscal\" decoding=\"async\" srcset=\"\" sizes=\"(max-width: 900px) 100vw, 900px\" data-src=\"https:\/\/actiumconsulting.es\/wp-content\/uploads\/blog-actium-consulting-1.jpg\" data-srcset=\"https:\/\/actiumconsulting.es\/wp-content\/uploads\/blog-actium-consulting-1.jpg 900w, https:\/\/actiumconsulting.es\/wp-content\/uploads\/blog-actium-consulting-1-300x113.jpg 300w, https:\/\/actiumconsulting.es\/wp-content\/uploads\/blog-actium-consulting-1-768x288.jpg 768w\" \/>\t\t\t\t\t<\/div>\n\t\t\t\t\t\t\t\t\t\t<a class=\"wd-fill\" tabindex=\"-1\" href=\"https:\/\/actiumconsulting.es\/operaciones-vinculadas-hacienda\/\" aria-label=\"Link on post Modelo 232: gu\u00eda para declarar operaciones vinculadas con socios o empresas del grupo\"><\/a>\n\t\t\t\t\n\t\t\t\t\t\t\t\t\t\t\t\t<div class=\"wd-post-date wd-style-with-bg\">\n\t\t\t\t<span class=\"post-date-day\">\n\t\t\t\t\t06\t\t\t\t<\/span>\n\t\t\t\t<span class=\"post-date-month\">\n\t\t\t\t\tNov\t\t\t\t<\/span>\n\t\t\t<\/div>\n\t\t\t\t\t\t\t\t\t<\/div>\n\t\t\n\t\t<div class=\"wd-post-content article-body-container\">\n\t\t\t\n\t\t\t\t\t\t\t<h3 class=\"wd-post-title wd-entities-title title post-title\">\n\t\t\t\t\t<a href=\"https:\/\/actiumconsulting.es\/operaciones-vinculadas-hacienda\/\" rel=\"bookmark\">Modelo 232: gu\u00eda para declarar operaciones vinculadas con socios o empresas del grupo<\/a>\n\t\t\t\t<\/h3>\n\t\t\t\n\t\t\t\n\t\t\t\t\t\t\t\t\t\t\t\t<div class=\"wd-post-excerpt entry-content\">\n\t\t\t\t\t\tCada mes de noviembre, las empresas tienen una cita importante con Hacienda que muchos olvidan: la presentaci\u00f3...\t\t\t\t\t<\/div>\n\t\t\t\t\n\t\t\t\t\t\t\t\t\t<\/div>\n\t<\/div>\n<\/article>\n\n\t\t\t\t\t\t\t\t\t\t\t\n<article id=\"post-19368\" class=\"wd-post blog-design-masonry blog-post-loop blog-style-flat wd-col post-19368 post type-post status-publish format-standard has-post-thumbnail hentry category-actualidad category-laboral tag-calendario-laboral-2026\">\n\t<div class=\"wd-post-inner article-inner\">\n\t\t\t\t\t<div class=\"wd-post-thumb entry-header\">\n\t\t\t\t\t\t\t\t\t<div class=\"wd-post-img post-img-wrapp\">\n\t\t\t\t\t\t<img width=\"900\" height=\"338\" src=\"https:\/\/actiumconsulting.es\/wp-content\/themes\/woodmart\/images\/lazy.svg\" class=\"attachment- size- wd-lazy-fade\" alt=\"asesor\u00eda-fiscal\" decoding=\"async\" srcset=\"\" sizes=\"(max-width: 900px) 100vw, 900px\" data-src=\"https:\/\/actiumconsulting.es\/wp-content\/uploads\/blog-actium-consulting-1.jpg\" data-srcset=\"https:\/\/actiumconsulting.es\/wp-content\/uploads\/blog-actium-consulting-1.jpg 900w, https:\/\/actiumconsulting.es\/wp-content\/uploads\/blog-actium-consulting-1-300x113.jpg 300w, https:\/\/actiumconsulting.es\/wp-content\/uploads\/blog-actium-consulting-1-768x288.jpg 768w\" \/>\t\t\t\t\t<\/div>\n\t\t\t\t\t\t\t\t\t\t<a class=\"wd-fill\" tabindex=\"-1\" href=\"https:\/\/actiumconsulting.es\/calendario-laboral-2026\/\" aria-label=\"Link on post Calendario laboral 2026: c\u00f3mo planificar vacaciones y turnos sin sorpresas\"><\/a>\n\t\t\t\t\n\t\t\t\t\t\t\t\t\t\t\t\t<div class=\"wd-post-date wd-style-with-bg\">\n\t\t\t\t<span class=\"post-date-day\">\n\t\t\t\t\t31\t\t\t\t<\/span>\n\t\t\t\t<span class=\"post-date-month\">\n\t\t\t\t\tOct\t\t\t\t<\/span>\n\t\t\t<\/div>\n\t\t\t\t\t\t\t\t\t<\/div>\n\t\t\n\t\t<div class=\"wd-post-content article-body-container\">\n\t\t\t\n\t\t\t\t\t\t\t<h3 class=\"wd-post-title wd-entities-title title post-title\">\n\t\t\t\t\t<a href=\"https:\/\/actiumconsulting.es\/calendario-laboral-2026\/\" rel=\"bookmark\">Calendario laboral 2026: c\u00f3mo planificar vacaciones y turnos sin sorpresas<\/a>\n\t\t\t\t<\/h3>\n\t\t\t\n\t\t\t\n\t\t\t\t\t\t\t\t\t\t\t\t<div class=\"wd-post-excerpt entry-content\">\n\t\t\t\t\t\tEl Bolet\u00edn Oficial del Estado (BOE) del 28 de octubre de 2025 ha publicado la Resoluci\u00f3n de 17 de octubre de 2...\t\t\t\t\t<\/div>\n\t\t\t\t\n\t\t\t\t\t\t\t\t\t<\/div>\n\t<\/div>\n<\/article>\n\n\t\t\t\t\t\t\t\t\t\t\t\n<article id=\"post-19362\" class=\"wd-post blog-design-masonry blog-post-loop blog-style-flat wd-col post-19362 post type-post status-publish format-standard has-post-thumbnail hentry category-actualidad category-fiscal-2 tag-deducciones-no-aplicadas\">\n\t<div class=\"wd-post-inner article-inner\">\n\t\t\t\t\t<div class=\"wd-post-thumb entry-header\">\n\t\t\t\t\t\t\t\t\t<div class=\"wd-post-img post-img-wrapp\">\n\t\t\t\t\t\t<img width=\"900\" height=\"338\" src=\"https:\/\/actiumconsulting.es\/wp-content\/themes\/woodmart\/images\/lazy.svg\" class=\"attachment- size- wd-lazy-fade\" alt=\"asesor\u00eda-fiscal\" decoding=\"async\" srcset=\"\" sizes=\"(max-width: 900px) 100vw, 900px\" data-src=\"https:\/\/actiumconsulting.es\/wp-content\/uploads\/blog-actium-consulting-1.jpg\" data-srcset=\"https:\/\/actiumconsulting.es\/wp-content\/uploads\/blog-actium-consulting-1.jpg 900w, https:\/\/actiumconsulting.es\/wp-content\/uploads\/blog-actium-consulting-1-300x113.jpg 300w, https:\/\/actiumconsulting.es\/wp-content\/uploads\/blog-actium-consulting-1-768x288.jpg 768w\" \/>\t\t\t\t\t<\/div>\n\t\t\t\t\t\t\t\t\t\t<a class=\"wd-fill\" tabindex=\"-1\" href=\"https:\/\/actiumconsulting.es\/deducciones-impuesto-de-sociedades\/\" aria-label=\"Link on post El TEAC pone fin a la incertidumbre sobre las deducciones no aplicadas en ejercicios anteriores del Impuesto sobre Sociedades\"><\/a>\n\t\t\t\t\n\t\t\t\t\t\t\t\t\t\t\t\t<div class=\"wd-post-date wd-style-with-bg\">\n\t\t\t\t<span class=\"post-date-day\">\n\t\t\t\t\t27\t\t\t\t<\/span>\n\t\t\t\t<span class=\"post-date-month\">\n\t\t\t\t\tOct\t\t\t\t<\/span>\n\t\t\t<\/div>\n\t\t\t\t\t\t\t\t\t<\/div>\n\t\t\n\t\t<div class=\"wd-post-content article-body-container\">\n\t\t\t\n\t\t\t\t\t\t\t<h3 class=\"wd-post-title wd-entities-title title post-title\">\n\t\t\t\t\t<a href=\"https:\/\/actiumconsulting.es\/deducciones-impuesto-de-sociedades\/\" rel=\"bookmark\">El TEAC pone fin a la incertidumbre sobre las deducciones no aplicadas en ejercicios anteriores del Impuesto sobre Sociedades<\/a>\n\t\t\t\t<\/h3>\n\t\t\t\n\t\t\t\n\t\t\t\t\t\t\t\t\t\t\t\t<div class=\"wd-post-excerpt entry-content\">\n\t\t\t\t\t\tEl Tribunal Econ\u00f3mico-Administrativo Central (TEAC) ha zanjado recientemente una cuesti\u00f3n que generaba insegur...\t\t\t\t\t<\/div>\n\t\t\t\t\n\t\t\t\t\t\t\t\t\t<\/div>\n\t<\/div>\n<\/article>\n\n\t\t\t\t\t\t\t\t\t\t\t\n<article id=\"post-19355\" class=\"wd-post blog-design-masonry blog-post-loop blog-style-flat wd-col post-19355 post type-post status-publish format-standard has-post-thumbnail hentry category-actualidad category-juridico tag-plan-estrategico-de-la-aepd-2025-2030\">\n\t<div class=\"wd-post-inner article-inner\">\n\t\t\t\t\t<div class=\"wd-post-thumb entry-header\">\n\t\t\t\t\t\t\t\t\t<div class=\"wd-post-img post-img-wrapp\">\n\t\t\t\t\t\t<img width=\"900\" height=\"338\" src=\"https:\/\/actiumconsulting.es\/wp-content\/themes\/woodmart\/images\/lazy.svg\" class=\"attachment- size- wd-lazy-fade\" alt=\"asesor\u00eda-fiscal\" decoding=\"async\" srcset=\"\" sizes=\"(max-width: 900px) 100vw, 900px\" data-src=\"https:\/\/actiumconsulting.es\/wp-content\/uploads\/blog-actium-consulting-1.jpg\" data-srcset=\"https:\/\/actiumconsulting.es\/wp-content\/uploads\/blog-actium-consulting-1.jpg 900w, https:\/\/actiumconsulting.es\/wp-content\/uploads\/blog-actium-consulting-1-300x113.jpg 300w, https:\/\/actiumconsulting.es\/wp-content\/uploads\/blog-actium-consulting-1-768x288.jpg 768w\" \/>\t\t\t\t\t<\/div>\n\t\t\t\t\t\t\t\t\t\t<a class=\"wd-fill\" tabindex=\"-1\" href=\"https:\/\/actiumconsulting.es\/aepd-plan-estrategico\/\" aria-label=\"Link on post Laboratorio de privacidad, IA y apoyo a pymes: claves del nuevo Plan Estrat\u00e9gico de la AEPD 2025\u20132030\"><\/a>\n\t\t\t\t\n\t\t\t\t\t\t\t\t\t\t\t\t<div class=\"wd-post-date wd-style-with-bg\">\n\t\t\t\t<span class=\"post-date-day\">\n\t\t\t\t\t17\t\t\t\t<\/span>\n\t\t\t\t<span class=\"post-date-month\">\n\t\t\t\t\tOct\t\t\t\t<\/span>\n\t\t\t<\/div>\n\t\t\t\t\t\t\t\t\t<\/div>\n\t\t\n\t\t<div class=\"wd-post-content article-body-container\">\n\t\t\t\n\t\t\t\t\t\t\t<h3 class=\"wd-post-title wd-entities-title title post-title\">\n\t\t\t\t\t<a href=\"https:\/\/actiumconsulting.es\/aepd-plan-estrategico\/\" rel=\"bookmark\">Laboratorio de privacidad, IA y apoyo a pymes: claves del nuevo Plan Estrat\u00e9gico de la AEPD 2025\u20132030<\/a>\n\t\t\t\t<\/h3>\n\t\t\t\n\t\t\t\n\t\t\t\t\t\t\t\t\t\t\t\t<div class=\"wd-post-excerpt entry-content\">\n\t\t\t\t\t\tLa Agencia Espa\u00f1ola de Protecci\u00f3n de Datos (AEPD) ha presentado su nuevo Plan Estrat\u00e9gico 2025\u20132030, y el mens...\t\t\t\t\t<\/div>\n\t\t\t\t\n\t\t\t\t\t\t\t\t\t<\/div>\n\t<\/div>\n<\/article>\n\n\t\t\t\t\t\t\t\t\t\t\t\n<article id=\"post-19349\" class=\"wd-post blog-design-masonry blog-post-loop blog-style-flat wd-col post-19349 post type-post status-publish format-standard has-post-thumbnail hentry category-actualidad category-fiscal tag-facturas-manuales tag-verifactu\">\n\t<div class=\"wd-post-inner article-inner\">\n\t\t\t\t\t<div class=\"wd-post-thumb entry-header\">\n\t\t\t\t\t\t\t\t\t<div class=\"wd-post-img post-img-wrapp\">\n\t\t\t\t\t\t<img width=\"900\" height=\"338\" src=\"https:\/\/actiumconsulting.es\/wp-content\/themes\/woodmart\/images\/lazy.svg\" class=\"attachment- size- wd-lazy-fade\" alt=\"asesor\u00eda-fiscal\" decoding=\"async\" srcset=\"\" sizes=\"(max-width: 900px) 100vw, 900px\" data-src=\"https:\/\/actiumconsulting.es\/wp-content\/uploads\/blog-actium-consulting-1.jpg\" data-srcset=\"https:\/\/actiumconsulting.es\/wp-content\/uploads\/blog-actium-consulting-1.jpg 900w, https:\/\/actiumconsulting.es\/wp-content\/uploads\/blog-actium-consulting-1-300x113.jpg 300w, https:\/\/actiumconsulting.es\/wp-content\/uploads\/blog-actium-consulting-1-768x288.jpg 768w\" \/>\t\t\t\t\t<\/div>\n\t\t\t\t\t\t\t\t\t\t<a class=\"wd-fill\" tabindex=\"-1\" href=\"https:\/\/actiumconsulting.es\/verifactu-y-facturas-manuales\/\" aria-label=\"Link on post Verifactu y facturas manuales: todo lo que Hacienda ha aclarado para 2025\"><\/a>\n\t\t\t\t\n\t\t\t\t\t\t\t\t\t\t\t\t<div class=\"wd-post-date wd-style-with-bg\">\n\t\t\t\t<span class=\"post-date-day\">\n\t\t\t\t\t10\t\t\t\t<\/span>\n\t\t\t\t<span class=\"post-date-month\">\n\t\t\t\t\tOct\t\t\t\t<\/span>\n\t\t\t<\/div>\n\t\t\t\t\t\t\t\t\t<\/div>\n\t\t\n\t\t<div class=\"wd-post-content article-body-container\">\n\t\t\t\n\t\t\t\t\t\t\t<h3 class=\"wd-post-title wd-entities-title title post-title\">\n\t\t\t\t\t<a href=\"https:\/\/actiumconsulting.es\/verifactu-y-facturas-manuales\/\" rel=\"bookmark\">Verifactu y facturas manuales: todo lo que Hacienda ha aclarado para 2025<\/a>\n\t\t\t\t<\/h3>\n\t\t\t\n\t\t\t\n\t\t\t\t\t\t\t\t\t\t\t\t<div class=\"wd-post-excerpt entry-content\">\n\t\t\t\t\t\tLa Agencia Tributaria ha emitido recientemente aclaraciones fundamentales sobre la aplicaci\u00f3n del Real Decreto...\t\t\t\t\t<\/div>\n\t\t\t\t\n\t\t\t\t\t\t\t\t\t<\/div>\n\t<\/div>\n<\/article>\n\n\t\t\t\t\t\t\t\t\t\t\t\n<article id=\"post-19338\" class=\"wd-post blog-design-masonry blog-post-loop blog-style-flat wd-col post-19338 post type-post status-publish format-standard has-post-thumbnail hentry category-actualidad category-laboral tag-autonomos tag-base-de-cotizacion\">\n\t<div class=\"wd-post-inner article-inner\">\n\t\t\t\t\t<div class=\"wd-post-thumb entry-header\">\n\t\t\t\t\t\t\t\t\t<div class=\"wd-post-img post-img-wrapp\">\n\t\t\t\t\t\t<img width=\"900\" height=\"338\" src=\"https:\/\/actiumconsulting.es\/wp-content\/themes\/woodmart\/images\/lazy.svg\" class=\"attachment- size- wd-lazy-fade\" alt=\"asesor\u00eda-fiscal\" decoding=\"async\" srcset=\"\" sizes=\"(max-width: 900px) 100vw, 900px\" data-src=\"https:\/\/actiumconsulting.es\/wp-content\/uploads\/blog-actium-consulting-1.jpg\" data-srcset=\"https:\/\/actiumconsulting.es\/wp-content\/uploads\/blog-actium-consulting-1.jpg 900w, https:\/\/actiumconsulting.es\/wp-content\/uploads\/blog-actium-consulting-1-300x113.jpg 300w, https:\/\/actiumconsulting.es\/wp-content\/uploads\/blog-actium-consulting-1-768x288.jpg 768w\" \/>\t\t\t\t\t<\/div>\n\t\t\t\t\t\t\t\t\t\t<a class=\"wd-fill\" tabindex=\"-1\" href=\"https:\/\/actiumconsulting.es\/base-de-cotizacion-de-autonomos-modificaciones\/\" aria-label=\"Link on post Modificaci\u00f3n de la base de cotizaci\u00f3n de aut\u00f3nomos: plazo hasta el 31 de octubre de 2025\"><\/a>\n\t\t\t\t\n\t\t\t\t\t\t\t\t\t\t\t\t<div class=\"wd-post-date wd-style-with-bg\">\n\t\t\t\t<span class=\"post-date-day\">\n\t\t\t\t\t25\t\t\t\t<\/span>\n\t\t\t\t<span class=\"post-date-month\">\n\t\t\t\t\tSep\t\t\t\t<\/span>\n\t\t\t<\/div>\n\t\t\t\t\t\t\t\t\t<\/div>\n\t\t\n\t\t<div class=\"wd-post-content article-body-container\">\n\t\t\t\n\t\t\t\t\t\t\t<h3 class=\"wd-post-title wd-entities-title title post-title\">\n\t\t\t\t\t<a href=\"https:\/\/actiumconsulting.es\/base-de-cotizacion-de-autonomos-modificaciones\/\" rel=\"bookmark\">Modificaci\u00f3n de la base de cotizaci\u00f3n de aut\u00f3nomos: plazo hasta el 31 de octubre de 2025<\/a>\n\t\t\t\t<\/h3>\n\t\t\t\n\t\t\t\n\t\t\t\t\t\t\t\t\t\t\t\t<div class=\"wd-post-excerpt entry-content\">\n\t\t\t\t\t\tSi eres trabajador aut\u00f3nomo, debes saber que hasta el 31 de octubre de 2025 puedes modificar tu base de cotiza...\t\t\t\t\t<\/div>\n\t\t\t\t\n\t\t\t\t\t\t\t\t\t<\/div>\n\t<\/div>\n<\/article>\n\n\t\t\t\t\t\t\t\t\t\t\t\n<article id=\"post-19332\" class=\"wd-post blog-design-masonry blog-post-loop blog-style-flat wd-col post-19332 post type-post status-publish format-standard has-post-thumbnail hentry category-actualidad category-fiscal tag-sif tag-verifactu\">\n\t<div class=\"wd-post-inner article-inner\">\n\t\t\t\t\t<div class=\"wd-post-thumb entry-header\">\n\t\t\t\t\t\t\t\t\t<div class=\"wd-post-img post-img-wrapp\">\n\t\t\t\t\t\t<img width=\"900\" height=\"338\" src=\"https:\/\/actiumconsulting.es\/wp-content\/themes\/woodmart\/images\/lazy.svg\" class=\"attachment- size- wd-lazy-fade\" alt=\"asesor\u00eda-fiscal\" decoding=\"async\" srcset=\"\" sizes=\"(max-width: 900px) 100vw, 900px\" data-src=\"https:\/\/actiumconsulting.es\/wp-content\/uploads\/blog-actium-consulting-1.jpg\" data-srcset=\"https:\/\/actiumconsulting.es\/wp-content\/uploads\/blog-actium-consulting-1.jpg 900w, https:\/\/actiumconsulting.es\/wp-content\/uploads\/blog-actium-consulting-1-300x113.jpg 300w, https:\/\/actiumconsulting.es\/wp-content\/uploads\/blog-actium-consulting-1-768x288.jpg 768w\" \/>\t\t\t\t\t<\/div>\n\t\t\t\t\t\t\t\t\t\t<a class=\"wd-fill\" tabindex=\"-1\" href=\"https:\/\/actiumconsulting.es\/verifactu-sif-aeat-guia\/\" aria-label=\"Link on post VeriFactu y SIF: la gu\u00eda definitiva de la AEAT para la nueva facturaci\u00f3n obligatoria en 2026\"><\/a>\n\t\t\t\t\n\t\t\t\t\t\t\t\t\t\t\t\t<div class=\"wd-post-date wd-style-with-bg\">\n\t\t\t\t<span class=\"post-date-day\">\n\t\t\t\t\t17\t\t\t\t<\/span>\n\t\t\t\t<span class=\"post-date-month\">\n\t\t\t\t\tSep\t\t\t\t<\/span>\n\t\t\t<\/div>\n\t\t\t\t\t\t\t\t\t<\/div>\n\t\t\n\t\t<div class=\"wd-post-content article-body-container\">\n\t\t\t\n\t\t\t\t\t\t\t<h3 class=\"wd-post-title wd-entities-title title post-title\">\n\t\t\t\t\t<a href=\"https:\/\/actiumconsulting.es\/verifactu-sif-aeat-guia\/\" rel=\"bookmark\">VeriFactu y SIF: la gu\u00eda definitiva de la AEAT para la nueva facturaci\u00f3n obligatoria en 2026<\/a>\n\t\t\t\t<\/h3>\n\t\t\t\n\t\t\t\n\t\t\t\t\t\t\t\t\t\t\t\t<div class=\"wd-post-excerpt entry-content\">\n\t\t\t\t\t\tLa Agencia Tributaria (AEAT) ha dado un paso decisivo para acompa\u00f1ar a empresas y aut\u00f3nomos en el inminente ca...\t\t\t\t\t<\/div>\n\t\t\t\t\n\t\t\t\t\t\t\t\t\t<\/div>\n\t<\/div>\n<\/article>\n\n\t\t\t\t\t\n\t\t\t\t\t","status":"have-posts","nextPage":"https:\/\/actiumconsulting.es\/actualidad\/page\/3\/?woo_ajax=1","currentPage":"https:\/\/actiumconsulting.es\/actualidad\/page\/2"}